{"id":75,"date":"2006-10-19T23:45:57","date_gmt":"2006-10-19T21:45:57","guid":{"rendered":"http:\/\/www.zeichenschatz.net\/blog\/?p=75"},"modified":"2006-10-19T23:45:57","modified_gmt":"2006-10-19T21:45:57","slug":"kurt-weidemann-in-wien","status":"publish","type":"post","link":"https:\/\/zeichenschatz.net\/en\/persoenliches\/kurt-weidemann-in-wien\/","title":{"rendered":"Kurt Weidemann in Wien"},"content":{"rendered":"<p>Gestern Abend fand um 19.00 Uhr im Designforum im Museumsquartier Wien ein Vortrag des bekannten und zahlreich ausgezeichneten Typografen und Grafiker <a href=\"http:\/\/www.haus3.net\/mitglieder\/kurt_weidemann.html\">Kurt Weidemann<\/a> statt. Der Mann, der die Hausschrift von Mercedes-Benz, die <a href=\"http:\/\/www.fontshop.de\/sukr.php3?ch=%2Fsearch.php3%3Fns%3D1%26sns%3D0%26searchtype%3Dfo-kw%26searchtext%3Dcorporate%26ns%3D1%26sns%3D0%26fsdsess%3Db1c3b71682c649ff7fedf2dd6905bc15%26action.x%3D0%26action.y%3D0%26action%3DSuchen\">Coprporate A.S.E<\/a> (hier ein interessantes <a href=\"http:\/\/www.urw.de\/graphic\/pdf\/CorporateASE.pdf\">Pr\u00e4sentations-pdf<\/a>), entworfen, den Auftritt der Deutschen Bahn, von Porsche und vielen anderen Unternehmen gepr\u00e4gt hat, sprach gestern zu einem gro\u00dfen und begeisterten Publikum. Die <a href=\"http:\/\/www.typographischegesellschaft.at\">TGA<\/a> (Typographische Gesellschaft Austria) veranstaltete dieses Ereignis mit dem Thema <em>Der m\u00fchsame Weg vom Konzept bis zur Ausf\u00fchrung.<\/em> Professor Weidemann nahm dies gleich auf und meinte es solle doch m\u00fchselig hei\u00dfen, denn M\u00fche k\u00f6nne ja auch selig machen. Mit viel Humor und Elan pr\u00e4sentierte der noch aus der der alten Schule der Typografie stammende Deutsche einige seiner Arbeiten und erz\u00e4hlte unterhaltsame Anekdoten. \u201eIch hab das Sperren der Versalien damals schon nach einem halben Jahr kapiert, ihr habt es l\u00e4ngst vergessen. Bei euch wird das Wort VERLAG zu Verl AG.\u201c Kein Wunder, dass Herr Weidemann diesen Eindruck von uns hat, man braucht ja nur eine Blick in eine beliebe Zeitschrift zu werfen und sich \u00fcber den allgemeinen Umgang mit Versalien schlau machen.<\/p>\n<p><center><img decoding=\"async\" id=\"image74\" src=\"https:\/\/www.zeichenschatz.net\/uploads\/weidemann_merceds.jpg\" alt=\"Kurt Weidemann\" \/><\/center><\/p>\n<p>\u00dcber den damaligen Porscheschriftzug erkl\u00e4rte er, dass er ihn um einiges h\u00f6her machte, da der alte so aussah \u201eals w\u00e4re da ein LKW f\u00fcnfmal dr\u00fcbergefahren. Eigentlich hab ich\u2019s noch h\u00f6her gemacht, damit ich mich dann auf die H\u00f6he, die ich wolle runterhandeln lassen konnte.\u201c Auch die damals unantastbare Hausfarbe von Porsche hat er von einem dunklen Bordeauxrot in ein etwas helles Rot ge\u00e4ndert mit der damaligen Begr\u00fcndung vor den Entscheidungstr\u00e4gern: \u201eKennen Sie den Unterschied zwischen arteriellem und ven\u00f6sen Blut? Das ven\u00f6se Blut ist dunkler, flie\u00dft langsamer und transportiert all die Schadstoffe ab. Das arterielle Blut ist dagegen heller, flie\u00dft schnell und ist sauerstoffreich. Was verkaufen Sie eigentlich, meine Herren?\u201c<\/p>\n<p><center><img decoding=\"async\" id=\"image73\" src=\"https:\/\/www.zeichenschatz.net\/uploads\/weidemann_db.jpg\" alt=\"Kurt Weidemann\" \/><\/center><\/p>\n<p>Leider verging die dreiviertel Stunde des Vortrags wie im Flug, obwohl ich gerne noch mehr Geschichten aus dem spannenden Leben Kurt Weidemanns geh\u00f6rt h\u00e4tte. Dass er bereits 83 Jahre alt ist, w\u00fcrde wohl niemand sch\u00e4tzen, wenn man ihn so reden h\u00f6rt. Noch habe ich mir keine seiner B\u00fccher zugelegt, doch demn\u00e4chst werde ich dies sicher tun. Bis dahin hab ich ja noch <em><a href=\"http:\/\/www.fontshop.at\/bookdetailc.php3?sns=2&#038;ss=1&#038;id=6011335\">Die Neue Typographie<\/a><\/em> von Jan Tschichold, mit dem Weidemann \u00fcbrigens auch zusammengearbeitet hat. Sonst bin ich bereits auf den n\u00e4chsten Vortrag im MQ am 22. November 2006 mit <a href=\"http:\/\/www.fraugerlach.de\/\">Verena Gerlach<\/a> \u00fcber das Thema <em>Gestalten von und mit Buchstaben in allen Dimensionen<\/em> gespannt.<\/p>","protected":false},"excerpt":{"rendered":"<p>Gestern Abend fand um 19.00 Uhr im Designforum im Museumsquartier Wien ein Vortrag des bekannten und zahlreich ausgezeichneten Typografen und Grafiker Kurt Weidemann statt. Der Mann, der die Hausschrift von Mercedes-Benz, die Coprporate A.S.E (hier ein interessantes Pr\u00e4sentations-pdf), entworfen, den Auftritt der Deutschen Bahn, von Porsche und vielen anderen Unternehmen gepr\u00e4gt hat, sprach gestern zu [&hellip;]<\/p>","protected":false},"author":3,"featured_media":0,"comment_status":"open","ping_status":"closed","sticky":false,"template":"","format":"standard","meta":{"footnotes":""},"categories":[8,12],"tags":[],"class_list":["post-75","post","type-post","status-publish","format-standard","hentry","category-persoenliches","category-typografie"],"_links":{"self":[{"href":"https:\/\/zeichenschatz.net\/en\/wp-json\/wp\/v2\/posts\/75","targetHints":{"allow":["GET"]}}],"collection":[{"href":"https:\/\/zeichenschatz.net\/en\/wp-json\/wp\/v2\/posts"}],"about":[{"href":"https:\/\/zeichenschatz.net\/en\/wp-json\/wp\/v2\/types\/post"}],"author":[{"embeddable":true,"href":"https:\/\/zeichenschatz.net\/en\/wp-json\/wp\/v2\/users\/3"}],"replies":[{"embeddable":true,"href":"https:\/\/zeichenschatz.net\/en\/wp-json\/wp\/v2\/comments?post=75"}],"version-history":[{"count":0,"href":"https:\/\/zeichenschatz.net\/en\/wp-json\/wp\/v2\/posts\/75\/revisions"}],"wp:attachment":[{"href":"https:\/\/zeichenschatz.net\/en\/wp-json\/wp\/v2\/media?parent=75"}],"wp:term":[{"taxonomy":"category","embeddable":true,"href":"https:\/\/zeichenschatz.net\/en\/wp-json\/wp\/v2\/categories?post=75"},{"taxonomy":"post_tag","embeddable":true,"href":"https:\/\/zeichenschatz.net\/en\/wp-json\/wp\/v2\/tags?post=75"}],"curies":[{"name":"wp","href":"https:\/\/api.w.org\/{rel}","templated":true}]}}