{"id":745,"date":"2008-08-26T15:29:48","date_gmt":"2008-08-26T13:29:48","guid":{"rendered":"http:\/\/www.zeichenschatz.net\/?p=745"},"modified":"2008-08-26T15:29:48","modified_gmt":"2008-08-26T13:29:48","slug":"ich-bin-kein-mensch","status":"publish","type":"post","link":"https:\/\/zeichenschatz.net\/en\/gedanken\/ich-bin-kein-mensch\/","title":{"rendered":"Ich bin kein Mensch"},"content":{"rendered":"<p>Das Wort Werbung allein ist ja auch schon irgendwie negativ behaftet. Da denkt man am penetrantes Gebr\u00fcll aus dem Radio, von Reklame vollgestopfte Briefk\u00e4sten oder l\u00e4stige Unterbrechungen w\u00e4hrend eines guten Films. Aber eigentlich sind es drei wirkliche Gr\u00fcnde, weshalb ich ein Problem mit der Bezeichnung habe:<\/p>\n<h2>1. Meine Wirtschaftskammer-Fachgruppe<\/h2>\n<p><a href=\"https:\/\/zeichenschatz.net\/en\/uploads\/werbemonitor.png\/\"><img loading=\"lazy\" decoding=\"async\" class=\"aligncenter size-full wp-image-753\" title=\"Werbemonitor\" src=\"https:\/\/zeichenschatz.net\/uploads\/werbemonitor.png\" alt=\"\" width=\"500\" height=\"203\" \/><\/a><\/p>\n<p>Der <a title=\"Schlimmer Schriftzug\" href=\"http:\/\/www.werbemonitor.at\/\">WKO-Fachverband Werbung und Marktkommunikation<\/a> vertritt meine Anliegen in der Wirtschaftskammer. Als ich mir einen Gewerbeschein f\u00fcr \u00bbWerbegrafik-Design\u00ab geholt habe, musste ich ihr zwangsl\u00e4ufig beitreten. Schon am wunderbaren Schriftzug des Werbemonitors (so auch der Name der monatlichen <a title=\"Hilfe!\" href=\"http:\/\/www.werbemonitor.at\/Werbemonitor-Print.4.0.html\">Terrorzeitschrift<\/a>) erkennt man, wie viel Feingef\u00fchl die Fachgruppe f\u00fcr ihr Fach hat. Aus Nieder\u00f6sterreich kommt dann auch noch von der Seite der allj\u00e4hrliche Werbepreis, der <a title=\"Goldener Hahn\" href=\"http:\/\/www.goldenerhahn.or.at\/\">Goldene Hahn<\/a>, f\u00fcr den ich letztes Jahr zweimal <a title=\"Zwei silberne H\u00e4hne\" href=\"https:\/\/zeichenschatz.net\/en\/persoenliches\/zwei-silberne-hahne\/\">nominiert<\/a> war. Leider waren die meisten anderen Mitstreiter der gesamten Veranstaltung wenig beeindruckend und so habe ich mich fast gesch\u00e4mt dabei zu sein.<\/p>\n<h2>2. Werbeagenturen<\/h2>\n<p>Damit meine ich nicht Design-Agenturen, sondern so wirkliche Werbeagenturen. Ich mag den Gedanken nicht ein R\u00e4dchen in einer Maschine zu sein. Ich m\u00f6chte direkten Kontakt zu den Kunden haben und ich m\u00f6chte Kunden begleiten und beraten k\u00f6nnen. Ich will keine zehn Entw\u00fcrfe per Mail schicken und dann Nr. 2 mit Nr. 8 kombinieren. Vielleicht sind meine Vorstellungen da auch ein bisschen verdreht, aber sie beschreiben das, was sich in einem kurzen <a title=\"War nur ganz kurz dort\" href=\"http:\/\/www.m-n.at\">Praktikum<\/a> zumindest so angef\u00fchlt hat.<\/p>\n<h2>3. Wer ist der Werber?<\/h2>\n<p>[youtube W3f7AhxQL9o]<\/p>\n<p>Diese <a title=\"Man rette unsere Seelen!\" href=\"http:\/\/www.horizont.at\/index.php?id=491 \">TV-Spots<\/a> geben mir jetzt einfach den Rest. Denn f\u00fcr mich funktionieren sie aus einem einfachen Grund nicht: sie verst\u00e4rken eher noch das Klischee als es zu entkr\u00e4ften. Wer behauptet denn, dass die so genannten \u00bbWerber\u00ab keine Menschen seien? Dass sie abgehobene G\u00f6tter seien? Es ist nie der herausgeputzte, schmierige Typ. Aber die meisten Personen, die sich dann outen wirken trotzdem irgendwie abgehoben oder arrogant. Davon abgesehen kann ich diese (wahrscheinlich irgendwelche deutschsprachigen 80er-Jahre-Krimis, die ich nie gesehen habe, imitierende) widerliche Typo nicht ausstehen. Was will man \u00fcberhaupt mit der Kampagne bewirken? Ich glaube man h\u00e4tte die \u00f6sterreichische Kreativszene auch etwas anders vorstellen k\u00f6nnen, als mit Klischees.<\/p>\n<p>So, aber was bin ich dann, wenn ich weder Werber noch Mensch bin? Im Moment bezeichne ich das, was ich <a title=\"About me\" href=\"https:\/\/zeichenschatz.net\/en\/about\/\">tue<\/a> als Kommunikationsdesign. F\u00fcr mich ist das jetzt der richtige Begriff. Fr\u00fcher war\u2019s Grafik-Design, doch das ist mir irgendwie zu eng geworden. Also wer wei\u00df, wie ich mich in ein paar Jahren nennen werde?<\/p>","protected":false},"excerpt":{"rendered":"<p>\u2026 denn ich bin auch kein Werber. Seit Mitte Juni hat der ORF eine Kampagne gestartet, in der jede Woche ein Mitglied der heimischen Kreativszene vorgestellt wird. Die TV-Spots sind leider nicht allzu spannend anzusehen, eher etwas peinlich. Und so sind sie einer vor drei Gr\u00fcnden geworden, weshalb ich mich niemals als \u00bbWerber\u00ab bezeichnen m\u00f6chte.<\/p>","protected":false},"author":3,"featured_media":0,"comment_status":"open","ping_status":"closed","sticky":false,"template":"","format":"standard","meta":{"footnotes":""},"categories":[6],"tags":[20,148,328,418,419],"class_list":["post-745","post","type-post","status-publish","format-standard","hentry","category-gedanken","tag-agentur","tag-goldener-hahn","tag-selbstbild","tag-werbemonitor","tag-werbung"],"_links":{"self":[{"href":"https:\/\/zeichenschatz.net\/en\/wp-json\/wp\/v2\/posts\/745","targetHints":{"allow":["GET"]}}],"collection":[{"href":"https:\/\/zeichenschatz.net\/en\/wp-json\/wp\/v2\/posts"}],"about":[{"href":"https:\/\/zeichenschatz.net\/en\/wp-json\/wp\/v2\/types\/post"}],"author":[{"embeddable":true,"href":"https:\/\/zeichenschatz.net\/en\/wp-json\/wp\/v2\/users\/3"}],"replies":[{"embeddable":true,"href":"https:\/\/zeichenschatz.net\/en\/wp-json\/wp\/v2\/comments?post=745"}],"version-history":[{"count":0,"href":"https:\/\/zeichenschatz.net\/en\/wp-json\/wp\/v2\/posts\/745\/revisions"}],"wp:attachment":[{"href":"https:\/\/zeichenschatz.net\/en\/wp-json\/wp\/v2\/media?parent=745"}],"wp:term":[{"taxonomy":"category","embeddable":true,"href":"https:\/\/zeichenschatz.net\/en\/wp-json\/wp\/v2\/categories?post=745"},{"taxonomy":"post_tag","embeddable":true,"href":"https:\/\/zeichenschatz.net\/en\/wp-json\/wp\/v2\/tags?post=745"}],"curies":[{"name":"wp","href":"https:\/\/api.w.org\/{rel}","templated":true}]}}