{"id":535,"date":"2008-05-30T09:58:31","date_gmt":"2008-05-30T07:58:31","guid":{"rendered":"http:\/\/www.zeichenschatz.net\/blog\/?p=535"},"modified":"2008-05-30T09:58:31","modified_gmt":"2008-05-30T07:58:31","slug":"lasset-die-bilder-beginnen","status":"publish","type":"post","link":"https:\/\/zeichenschatz.net\/en\/persoenliches\/lasset-die-bilder-beginnen\/","title":{"rendered":"Lasset die Bilder beginnen!"},"content":{"rendered":"<p>Der erste Tag der  Typo Berlin im f\u00fcr mich neuen Haus der Kulturen der Welt ist nun vergangen und es war ein wirklich toller Tag! Einige Entt\u00e4uschungen waren schon dabei, aber vorwiegend haben die gro\u00dfartige Atmosph\u00e4re und die engagierten Redner einen guten Eindruck hinterlassen.<\/p>\n<p><!--more-->Das Haus der Kulturen der Welt liegt mitten im Gr\u00fcnen. Mit der Buslinie 100 sind wir um 10.30 Uhr dort angekommen, haben uns angemeldet und die traditionellen Typo-Taschen bekommen, die dieses Jahr leider nicht so aufregend aussehen wie letztes. Der Veranstaltungsort ist riesig im Vergleich zum BBC am Alexanderplatz letztes Jahr und roch ein bisschen wie ein neues Auto in der Eingangshalle.<\/p>\n<p><a class=\"tt-flickr tt-flickr-Medium\" href=\"http:\/\/www.flickr.com\/photos\/8547410@N04\/2535171609\/\"><img loading=\"lazy\" decoding=\"async\" src=\"http:\/\/farm4.static.flickr.com\/3044\/2535171609_fb117ac083.jpg\" border=\"0\" alt=\"Tolle Umgebung\" width=\"500\" height=\"375\" \/><\/a><\/p>\n<p><a class=\"tt-flickr tt-flickr-Square\" href=\"http:\/\/www.flickr.com\/photos\/8547410@N04\/2535170799\/\"><img loading=\"lazy\" decoding=\"async\" src=\"http:\/\/farm4.static.flickr.com\/3013\/2535170799_277806e529_s.jpg\" border=\"0\" alt=\"Magda und Sonja\" width=\"75\" height=\"75\" \/><\/a> <a class=\"tt-flickr tt-flickr-Square\" href=\"http:\/\/www.flickr.com\/photos\/8547410@N04\/2535985234\/\"><img loading=\"lazy\" decoding=\"async\" src=\"http:\/\/farm3.static.flickr.com\/2213\/2535985234_43a0e25b6f_s.jpg\" border=\"0\" alt=\"Die 100er Linie\" width=\"75\" height=\"75\" \/><\/a> <a class=\"tt-flickr tt-flickr-Square\" href=\"http:\/\/www.flickr.com\/photos\/8547410@N04\/2535985404\/\"><img loading=\"lazy\" decoding=\"async\" src=\"http:\/\/farm4.static.flickr.com\/3106\/2535985404_2057ea8e08_s.jpg\" border=\"0\" alt=\"Wir n\u00c3\u00a4hern uns langsam\" width=\"75\" height=\"75\" \/><\/a> <a class=\"tt-flickr tt-flickr-Square\" href=\"http:\/\/www.flickr.com\/photos\/8547410@N04\/2535171347\/\"><img loading=\"lazy\" decoding=\"async\" src=\"http:\/\/farm3.static.flickr.com\/2241\/2535171347_c8f01ca27f_s.jpg\" border=\"0\" alt=\"Eingangsbereich\" width=\"75\" height=\"75\" \/><\/a> <a class=\"tt-flickr tt-flickr-Square\" href=\"http:\/\/www.flickr.com\/photos\/8547410@N04\/2535171777\/\"><img loading=\"lazy\" decoding=\"async\" src=\"http:\/\/farm3.static.flickr.com\/2362\/2535171777_84fbcde654_s.jpg\" border=\"0\" alt=\"Alex\" width=\"75\" height=\"75\" \/><\/a><\/p>\n<p>Er\u00f6ffnet wurde die Typo von <a title=\"Hey Motherfuckers!\" href=\"http:\/\/www.barnbrook.net\/\">Jonathan Barnbrook<\/a>, einem britischen Schriftentwerfer mit einer sehr unterhaltsamen und lebendigen Vortragsart. Er testete gleich am Anfang, ob man ihn durch die Dolmetscher auch wirklich verstand und begr\u00fc\u00dfte alle mit: \u201eHey motherfuckers! You\u2019ve got small penises and fat asses!\u201c<\/p>\n<p>Der gute Kurt Weidemann war als n\u00e4chster an der Reihe und nach seinem tollen <a title=\"Damals war\u2019s gut\" href=\"https:\/\/zeichenschatz.net\/en\/persoenliches\/kurt-weidemann-in-wien\/\">Vortrag<\/a> bei der TGA in Wien waren meine Erwartungen recht hoch. Wiedemann hatte seinen Vortrag leider schriftlich vorbereitet und las eigentlich alles nur so ab. Auch wenn es ab und an ganz interessant war, fehlte die von ihm gewohnte Lebendigkeit. Es war ein bisschen so, also w\u00e4re er halt einfach hier und ich hatte nicht das Gef\u00fchl als w\u00fcrde es ihm wirklich Spa\u00df machen. Schade.<\/p>\n<p><a class=\"tt-flickr tt-flickr-Square\" href=\"http:\/\/www.flickr.com\/photos\/8547410@N04\/2535986086\/\"><img loading=\"lazy\" decoding=\"async\" src=\"http:\/\/farm4.static.flickr.com\/3130\/2535986086_a806d69bd1_s.jpg\" border=\"0\" alt=\"Lukas und Magda\" width=\"75\" height=\"75\" \/><\/a> <a class=\"tt-flickr tt-flickr-Square\" href=\"http:\/\/www.flickr.com\/photos\/8547410@N04\/2535172085\/\"><img loading=\"lazy\" decoding=\"async\" src=\"http:\/\/farm4.static.flickr.com\/3030\/2535172085_f919d6c51b_s.jpg\" border=\"0\" alt=\"Beobachtete Kussattacke\" width=\"75\" height=\"75\" \/><\/a> <a class=\"tt-flickr tt-flickr-Square\" href=\"http:\/\/www.flickr.com\/photos\/8547410@N04\/2535986408\/\"><img loading=\"lazy\" decoding=\"async\" src=\"http:\/\/farm4.static.flickr.com\/3250\/2535986408_77be9a87b1_s.jpg\" border=\"0\" alt=\"Und wie voll!\" width=\"75\" height=\"75\" \/><\/a> <a class=\"tt-flickr tt-flickr-Square\" href=\"http:\/\/www.flickr.com\/photos\/8547410@N04\/2535986886\/\"><img loading=\"lazy\" decoding=\"async\" src=\"http:\/\/farm3.static.flickr.com\/2051\/2535986886_3661251eae_s.jpg\" border=\"0\" alt=\"Kaffeepause\" width=\"75\" height=\"75\" \/><\/a> <a class=\"tt-flickr tt-flickr-Square\" href=\"http:\/\/www.flickr.com\/photos\/8547410@N04\/2535987642\/\"><img loading=\"lazy\" decoding=\"async\" src=\"http:\/\/farm3.static.flickr.com\/2201\/2535987642_b1ed12c048_s.jpg\" border=\"0\" alt=\"Kaffee f\u00c3\u00bcr alle!\" width=\"75\" height=\"75\" \/><\/a><\/p>\n<p>Die britische Fotografin <a title=\"Der Schein tr\u00fcgt\" href=\"http:\/\/www.alisonjackson.com\/\">Alison Jackson<\/a> hielt dann um 16.00 Uhr ihren Vortrag \u201eDer Schein tr\u00fcgt\u201c und stellte darin ihre Arbeiten mit Prominenten Look-A-Likes vor. Ihre Bilder waren provokant, regten zum Nachdenken an und auf jeden Fall unterhaltsam. Wie reagiert man, wenn man die Queen auf einmal am Klo sitzen sieht oder wie sie sich die Beine enthaaren l\u00e4sst? Schlimm, dass ich zuvor noch nicht von ihr geh\u00f6rt hatte.<\/p>\n<p><a class=\"tt-flickr tt-flickr-Medium\" href=\"http:\/\/www.flickr.com\/photos\/8547410@N04\/2535173789\/\"><img loading=\"lazy\" decoding=\"async\" src=\"http:\/\/farm4.static.flickr.com\/3082\/2535173789_fd668a3a59.jpg\" border=\"0\" alt=\"Fingerpuppen f\u00c3\u00bcr Lukas!\" width=\"500\" height=\"375\" \/><\/a><\/p>\n<p>Nach der Kaffeepause genoss ich im kleineren Saal den herzlichen und anregenden Vortrag \u201eWarum Image echte Werte braucht\u201c von Holger Schmidhuber und Rolf Mehnert von <a title=\"Authentisch\" href=\"http:\/\/www.fuenfwerken.com\/\">fuenfwerken<\/a>. Danach ging\u2019s gleich wieder rauf in die TYPOhall um etwas \u00fcber das CD totalit\u00e4ter Staaten des 20. Jahrhunderts zu erfahren. <a title=\"Tolle B\u00fccher\" href=\"http:\/\/www.hellerbooks.com\/\">Steve Hellers<\/a> breitete das spannende Thema bei dem er das faschistische Italien unter Mussolini, das Deutsche Reich unter Hitler, China unter Mao und die Soviet Union unter Lenin und Stalin beleuchtete.<\/p>\n<p><a class=\"tt-flickr tt-flickr-Medium\" href=\"http:\/\/www.flickr.com\/photos\/8547410@N04\/2535988514\/\"><img loading=\"lazy\" decoding=\"async\" src=\"http:\/\/farm3.static.flickr.com\/2035\/2535988514_37dce37bf3.jpg\" border=\"0\" alt=\"Kurt Weidemann der K\u00c3\u00a4mpfer\" width=\"500\" height=\"375\" \/><\/a><\/p>\n<p>Den Abschluss bildetet der <a title=\"Kampf der Giganten\" href=\"http:\/\/www.typoberlin.de\/blog\/archives\/70\">Font Fight<\/a>. Leider hielten sich nicht alle Teilnehmer an die Regeln ihre Lieblingsschrift vorzustellen und dann daf\u00fcr zu agumentieren. <a title=\"Frutiger-Fan\" href=\"http:\/\/www.spiekermannpartners.de\/\">Spiekermann<\/a> war nicht wirklich vorbereitet (wenigstens hatte er eine Schrift gew\u00e4hlt: die Frutiger), Weidemann trug ausschlie\u00dflich ein Gedicht in drei Strophen \u00fcber die drei Runden hinweg vor, das am Anfang zwar lieb und lustig war aber dann am Ende etwas erm\u00fcdend wurde. So blieben nur noch <a title=\"Kampf der Giganten\" href=\"http:\/\/www.typoberlin.de\/blog\/archives\/70\"><\/a><a title=\"El presidente\" href=\"http:\/\/dmy-berlin.com\/dmy08\/symposium\/fidel-peugeot\">Fidel Peugeot<\/a>, der unterhaltsam f\u00fcr seine Lomo k\u00e4mpfte und <a title=\"Der Techno-Font-KING\" href=\"http:\/\/www.czyk.de\/\">Alex Branczyk<\/a>, der einfach f\u00fcr seine Gesamtwerke pl\u00e4dierte. Schlie\u00dflich holte Alex dann auch durch unglaubliche unterhaltsame Hyperaktivit\u00e4t den verdienten Titel, nachdem er Kopf an Kopf mit Fidel lag und Spiekermann wirklich und Weidemann indirekt kapitulierten. Bruno Maag hat den Font Fight gekonnt moderiert und so war es trotz des Umgehens der Rahmenregeln sehr lustig und unterhaltsam.<\/p>\n<p><a class=\"tt-flickr tt-flickr-Medium\" href=\"http:\/\/www.flickr.com\/photos\/8547410@N04\/2535174421\/\"><img loading=\"lazy\" decoding=\"async\" src=\"http:\/\/farm3.static.flickr.com\/2093\/2535174421_d7ae789e39.jpg\" border=\"0\" alt=\"Font Fight!\" width=\"500\" height=\"375\" \/><\/a><\/p>\n<p>Aber wie bereits erw\u00e4hnt war nicht alles so super: der Tiefpunkt der Typo waren wie letztes Jahr die anscheinend (f\u00fcr mich auch unnachvollziehbaren Gr\u00fcnden) weiterhin gepushten Moderatoren Simone Wolf und vor allem Clemens Schedler. Schon letztes Jahr hat Schedler einfach nur genervt, dieses Jahr kommt es mir noch schlimmer vor. Mit miesem, vorhersehbaren Humor und schlicht irren Anmoderationen (bei Kurt Weidemann: ich hab getr\u00e4umt der Tod und Otl Aicher schauen wen sie als n\u00e4chstes in den Himmel holen f\u00fcr ein neues CD f\u00fcr Gott \u2013 nein Weidemann ist noch zu gut, der muss noch unten bleiben). Peinlich war dann einfach nur, als Schedler nach dem d\u00fcrftigen Vortrag nicht einmal interessante Fragen an Weidemann zu stellen wusste und der nur auf seinen Platz fliehen wollte. Niemand mit dem ich gesprochen hatte mochte die Moderatoren in der TYPOhall. Es war einfach immer dieses peinliche Gef\u00fchl da ihnen zuzuh\u00f6ren. Und gerade bei einer Konferenz bei der es um Einfallsreichtum und tiefgr\u00fcndiges Handeln und Gestalten geht, fallen den Moderatoren nur plumpe oder absolut kranke \u00dcberleitungen und Kommentare zu den Vortr\u00e4gen ein. So zerst\u00f6ren sie im Nachhinein oft die sch\u00f6ne Stimmung die ein gelungener Vortragender aufbauen konnte.<\/p>\n<p>Nichtsdestotrotz freue ich mich auf das heutige Schwergewicht Stefan Sagmeister, der in fast einer Stunde, um 11.00 Uhr starten wird. Also dann mal raus aus dem Hostel und auf zur Typo!<\/p>","protected":false},"excerpt":{"rendered":"<p>Der erste Tag der Typo Berlin im f\u00fcr mich neuen Haus der Kulturen der Welt ist nun vergangen und es war ein wirklich toller Tag! Einige Entt\u00e4uschungen waren schon dabei, aber vorwiegend haben die gro\u00dfartige Atmosph\u00e4re und die engagierten Redner einen guten Eindruck hinterlassen.<\/p>","protected":false},"author":3,"featured_media":0,"comment_status":"open","ping_status":"closed","sticky":false,"template":"","format":"standard","meta":{"footnotes":""},"categories":[8,12],"tags":[53,377],"class_list":["post-535","post","type-post","status-publish","format-standard","hentry","category-persoenliches","category-typografie","tag-berlin","tag-typo-berlin"],"_links":{"self":[{"href":"https:\/\/zeichenschatz.net\/en\/wp-json\/wp\/v2\/posts\/535","targetHints":{"allow":["GET"]}}],"collection":[{"href":"https:\/\/zeichenschatz.net\/en\/wp-json\/wp\/v2\/posts"}],"about":[{"href":"https:\/\/zeichenschatz.net\/en\/wp-json\/wp\/v2\/types\/post"}],"author":[{"embeddable":true,"href":"https:\/\/zeichenschatz.net\/en\/wp-json\/wp\/v2\/users\/3"}],"replies":[{"embeddable":true,"href":"https:\/\/zeichenschatz.net\/en\/wp-json\/wp\/v2\/comments?post=535"}],"version-history":[{"count":0,"href":"https:\/\/zeichenschatz.net\/en\/wp-json\/wp\/v2\/posts\/535\/revisions"}],"wp:attachment":[{"href":"https:\/\/zeichenschatz.net\/en\/wp-json\/wp\/v2\/media?parent=535"}],"wp:term":[{"taxonomy":"category","embeddable":true,"href":"https:\/\/zeichenschatz.net\/en\/wp-json\/wp\/v2\/categories?post=535"},{"taxonomy":"post_tag","embeddable":true,"href":"https:\/\/zeichenschatz.net\/en\/wp-json\/wp\/v2\/tags?post=535"}],"curies":[{"name":"wp","href":"https:\/\/api.w.org\/{rel}","templated":true}]}}