{"id":2166,"date":"2011-06-29T09:39:23","date_gmt":"2011-06-29T07:39:23","guid":{"rendered":"http:\/\/www.zeichenschatz.net\/?p=2166"},"modified":"2011-06-29T09:39:23","modified_gmt":"2011-06-29T07:39:23","slug":"logo-redesign-blasorchester-bad-voslau","status":"publish","type":"post","link":"https:\/\/zeichenschatz.net\/en\/showroom\/logo-redesign-blasorchester-bad-voslau\/","title":{"rendered":"Logo-Redesign Blasorchester Bad V\u00f6slau"},"content":{"rendered":"<address>Seit mehreren Jahren bin ich begeisterter Besucher der Konzerte des Blasorchesters Bad V\u00f6slau. Anfangs hatte auch ich die g\u00e4ngigen Vorurteile zu Blasmusik in meinem Kopf: nur Marschmusik, viele alte Leute und eine verstaubte  Atmosph\u00e4re. Als ich dann auf einem Konzert des BBV war, \u00e4nderte sich dieses Bild schnell.<\/address>\n<p>Mehr als die H\u00e4lfte der rund 60  Mitglieder im Orchester sind unter 30 Jahre alt und neben dem Standardrepertoire an Blasmusik, beweist das BBV immer wieder seine St\u00e4rken als  symphonisches Blasorchester beim allj\u00e4hrlichen Herbstkonzert. \u00dcber 1.000 Besucher lauschen dann Kl\u00e4ngen von der Klassik bis zur Moderne. Auch bekannte Solisten wie Staatsoperns\u00e4nger <a title=\"Wolfgang Bankl\" href=\"http:\/\/www.bankl.at\/\">Wolfgang Bankl<\/a> traten bereits beim Herbstkonzert auf. Gerade weil das BBV auf musikalischer Ebene so professionell ist, war es schade, dass sich dieses Niveau nicht auch in den Drucksorten zeigte.<\/p>\n<figure id=\"attachment_2170\" aria-describedby=\"caption-attachment-2170\" style=\"width: 540px\" class=\"wp-caption alignnone\"><img loading=\"lazy\" decoding=\"async\" class=\"size-full wp-image-2170\" title=\"Das alte Logo des BBV\" src=\"https:\/\/zeichenschatz.net.dd21202.kasserver.com\/uploads\/logo_bbv_alt.jpg\" alt=\"Das alte Logo des BBV\" width=\"540\" height=\"350\" \/><figcaption id=\"caption-attachment-2170\" class=\"wp-caption-text\">Das alte Logo des BBV<\/figcaption><\/figure>\n<p>Das alte Logo wurde damals f\u00fcr die Verwendung auf der <a title=\"Die Website des Blasorchesters Bad V\u00f6slau\" href=\"http:\/\/www.blasorchesterbadvoeslau.at\">Website<\/a> gestaltet. Aber als es dann dar\u00fcber hinaus ging, zeigten sich die Schwierigkeiten beim Einsatz auf Plakaten, in Schwarz\/Wei\u00df oder Graustufen. Zu viele \u00fcberlagernde Elemente machten die Integration manchmal kaum m\u00f6glich, weshalb das Logo auf den Plakaten nie vorkam. Auch wenn das alte Logo einige handwerkliche Schw\u00e4chen aufwies, war es immer noch von der Atmosph\u00e4re her wesentlich j\u00fcnger und frischer <a title=\"BAG Baden \u2013 M\u00f6dling \u2013 Wr. Neustadt\" href=\"http:\/\/www.bagbaden.at\/\">als so<\/a> <a title=\"Blasmusik Wiener Neustadt\" href=\"http:\/\/www.flugrad.at\/\">manch<\/a> <a title=\"Musikverein Pfaffst\u00e4tten\" href=\"http:\/\/www.mvpfaffstaetten.at\/\">anderes<\/a> aus dem Umfeld. Und dennoch wurde der Wunsch das visuelle Auftreten des BBV zu verbessern immer gr\u00f6\u00dfer.<\/p>\n<h2>Drei Vorschl\u00e4ge<\/h2>\n<p>Die Charakteristika des alten Logos waren vor allem:<\/p>\n<ul>\n<li>Darstellung einer  Trompete,<\/li>\n<li>Dynamische Bewegung von links unten nach rechts oben und<\/li>\n<li>Ein  offenes, freundliches Schriftbild.<\/li>\n<\/ul>\n<p>In Entwurf 1 habe ich eine Variante entwickelt, die die Charakterz\u00fcge des  alten Logos vereinfacht und dabei die technischen Schw\u00e4chen beseitigt. Das alte Logo wurde sozusagen aufger\u00e4umt. Entwurf 2 ging einen Schritt weiter, um  auch die M\u00f6glichkeit zu schaffen, die Bildmarke unabh\u00e4ngig vom  Schriftzug als separates Element zu verwenden. Bei Entwurf 3 wolle  ich dann noch eine weitere Stilm\u00f6glichkeit zeigen, was die Plastizit\u00e4t  der Trompete betraf. Dabei war bei allen Entw\u00fcrfen wichtig, dass das BBV immer noch freundlich nahbar auftritt.<br \/>\n<div id='gallery-1' class='gallery galleryid-2166 gallery-columns-3 gallery-size-thumbnail'><figure class='gallery-item'>\n\t\t\t<div class='gallery-icon landscape'>\n\t\t\t\t<a href='https:\/\/zeichenschatz.net\/wp-content\/uploads\/2011\/06\/logo_bbv_entwurf1.jpg'><img loading=\"lazy\" decoding=\"async\" width=\"150\" height=\"150\" src=\"https:\/\/zeichenschatz.net\/wp-content\/uploads\/2011\/06\/logo_bbv_entwurf1-150x150.jpg\" class=\"attachment-thumbnail size-thumbnail\" alt=\"Entwurf 1 \u2013 Aufr\u00e4umen des alten Logos\" aria-describedby=\"gallery-1-2171\" \/><\/a>\n\t\t\t<\/div>\n\t\t\t\t<figcaption class='wp-caption-text gallery-caption' id='gallery-1-2171'>\n\t\t\t\tEntwurf 1\n\t\t\t\t<\/figcaption><\/figure><figure class='gallery-item'>\n\t\t\t<div class='gallery-icon landscape'>\n\t\t\t\t<a href='https:\/\/zeichenschatz.net\/wp-content\/uploads\/2011\/06\/logo_bbv_entwurf2.jpg'><img loading=\"lazy\" decoding=\"async\" width=\"150\" height=\"150\" src=\"https:\/\/zeichenschatz.net\/wp-content\/uploads\/2011\/06\/logo_bbv_entwurf2-150x150.jpg\" class=\"attachment-thumbnail size-thumbnail\" alt=\"Entwurf 2 \u2013 Weiterentwicklung als Bildmarke\" aria-describedby=\"gallery-1-2172\" \/><\/a>\n\t\t\t<\/div>\n\t\t\t\t<figcaption class='wp-caption-text gallery-caption' id='gallery-1-2172'>\n\t\t\t\tEntwurf 2\n\t\t\t\t<\/figcaption><\/figure><figure class='gallery-item'>\n\t\t\t<div class='gallery-icon landscape'>\n\t\t\t\t<a href='https:\/\/zeichenschatz.net\/wp-content\/uploads\/2011\/06\/logo_bbv_entwurf3.jpg'><img loading=\"lazy\" decoding=\"async\" width=\"150\" height=\"150\" src=\"https:\/\/zeichenschatz.net\/wp-content\/uploads\/2011\/06\/logo_bbv_entwurf3-150x150.jpg\" class=\"attachment-thumbnail size-thumbnail\" alt=\"Entwurf 3 \u2013 Ein anderer Stil f\u00fcr die Bildmarke\" aria-describedby=\"gallery-1-2173\" \/><\/a>\n\t\t\t<\/div>\n\t\t\t\t<figcaption class='wp-caption-text gallery-caption' id='gallery-1-2173'>\n\t\t\t\tEntwurf 3\n\t\t\t\t<\/figcaption><\/figure>\n\t\t<\/div>\n<\/p>\n<h2>Das neue Logo<\/h2>\n<p>Lange \u00fcberlegten die acht Mitglieder der daf\u00fcr eingerichteten Arbeitsgruppe \u201eBBV-Design\u201c zwischen Entwurf 1 und 2. Schlie\u00dflich fiel die Entscheidung auf Entwurf 2 wegen der flexiblen Abwandlungsm\u00f6glichkeiten, die sich mit ihm bieten.<\/p>\n<figure id=\"attachment_2174\" aria-describedby=\"caption-attachment-2174\" style=\"width: 540px\" class=\"wp-caption alignnone\"><img loading=\"lazy\" decoding=\"async\" class=\"size-full wp-image-2174\" title=\"Das neue Logo des BBV\" src=\"https:\/\/zeichenschatz.net.dd21202.kasserver.com\/uploads\/logo_bbv.jpg\" alt=\"Das neue Logo des BBV\" width=\"540\" height=\"350\" \/><figcaption id=\"caption-attachment-2174\" class=\"wp-caption-text\">Das neue Logo des BBV<\/figcaption><\/figure>\n<p>Das neue Logo zeichnet sich vor allem durch Einfachheit in der Anwendung, Klarheit in der Symbolik und die runde und freundliche Formensprache aus. Die Bildmarke vermittelt Dynamik und Lebendigkeit, was sich vor allem in den verschiedenen Strichst\u00e4rken im Symbol sowie im Kreis zeigen. Als Schriftart habe ich die <a title=\"Die schicke Bree bei Type Together\" href=\"http:\/\/www.type-together.com\/Bree\">Bree<\/a> gew\u00e4hlt, da sie sich mit ihren modernen, weichen Formen gut mit der Bildmarke erg\u00e4nzt.<\/p>\n<p>Bereits im Einsatz ist das neue Logo auf der <a title=\"Like it! Like it! Like it!\" href=\"http:\/\/facebook.com\/blasorchesterbadvoeslau\">Facebook-Seite des BBV<\/a> in einer optimierten Abwandlung f\u00fcr die quadratischen Avatare. Ich freue mich, dass das BBV nun auch visuell \u00fcberzeugt und bin gl\u00fccklich meinen Teil dazu beigetragen zu haben. Besonders beeindruckt und froh bin ich dar\u00fcber, wie effizient und produktiv die Zusammenarbeit mit der achtk\u00f6pfigen Arbeitsgruppe war. Bei so vielen Entscheidern l\u00e4uft n\u00e4mlich selten alles glatt.<\/p>\n<p>Der n\u00e4chste Schritt war es das Design von Plakaten, Flyern, Eintrittskarten und Programmheften f\u00fcr das diesj\u00e4hrige Herbstkonzert zu entwickeln. Eine besondere Herausforderung, da diese Drucksorten gleichzeitig auch als Vorlagen f\u00fcr alle m\u00f6glichen Konzerte in den n\u00e4chsten Jahren funktionieren sollten. Mehr dazu aber dann im Herbst mit den konkreten Beispielen.<\/p>","protected":false},"excerpt":{"rendered":"<p>Seit mehreren Jahren bin ich begeisterter Besucher der Konzerte des Blasorchesters Bad V\u00f6slau. Anfangs hatte auch ich die g\u00e4ngigen Vorurteile zu Blasmusik in meinem Kopf: nur Marschmusik, viele alte Leute und eine verstaubte Atmosph\u00e4re. Als ich dann auf einem Konzert des BBV war, \u00e4nderte sich dieses Bild schnell. Mehr als die H\u00e4lfte der rund 60 [&hellip;]<\/p>","protected":false},"author":3,"featured_media":2174,"comment_status":"open","ping_status":"closed","sticky":false,"template":"","format":"standard","meta":{"footnotes":""},"categories":[10],"tags":[81,217,295],"class_list":["post-2166","post","type-post","status-publish","format-standard","has-post-thumbnail","hentry","category-showroom","tag-corporate-design","tag-logo","tag-redesign"],"_links":{"self":[{"href":"https:\/\/zeichenschatz.net\/en\/wp-json\/wp\/v2\/posts\/2166","targetHints":{"allow":["GET"]}}],"collection":[{"href":"https:\/\/zeichenschatz.net\/en\/wp-json\/wp\/v2\/posts"}],"about":[{"href":"https:\/\/zeichenschatz.net\/en\/wp-json\/wp\/v2\/types\/post"}],"author":[{"embeddable":true,"href":"https:\/\/zeichenschatz.net\/en\/wp-json\/wp\/v2\/users\/3"}],"replies":[{"embeddable":true,"href":"https:\/\/zeichenschatz.net\/en\/wp-json\/wp\/v2\/comments?post=2166"}],"version-history":[{"count":0,"href":"https:\/\/zeichenschatz.net\/en\/wp-json\/wp\/v2\/posts\/2166\/revisions"}],"wp:featuredmedia":[{"embeddable":true,"href":"https:\/\/zeichenschatz.net\/en\/wp-json\/wp\/v2\/media\/2174"}],"wp:attachment":[{"href":"https:\/\/zeichenschatz.net\/en\/wp-json\/wp\/v2\/media?parent=2166"}],"wp:term":[{"taxonomy":"category","embeddable":true,"href":"https:\/\/zeichenschatz.net\/en\/wp-json\/wp\/v2\/categories?post=2166"},{"taxonomy":"post_tag","embeddable":true,"href":"https:\/\/zeichenschatz.net\/en\/wp-json\/wp\/v2\/tags?post=2166"}],"curies":[{"name":"wp","href":"https:\/\/api.w.org\/{rel}","templated":true}]}}