{"id":197,"date":"2007-05-15T12:04:31","date_gmt":"2007-05-15T11:04:31","guid":{"rendered":"http:\/\/www.zeichenschatz.net\/blog\/?p=197"},"modified":"2007-05-15T12:04:31","modified_gmt":"2007-05-15T11:04:31","slug":"auf-zu-typografischem-heldentum","status":"publish","type":"post","link":"https:\/\/zeichenschatz.net\/en\/persoenliches\/auf-zu-typografischem-heldentum\/","title":{"rendered":"Auf zu typografischem Heldentum!"},"content":{"rendered":"<p>Endlich ist es soweit! Die Typo Berlin beginnt \u00fcbermorgen und morgen fliege ich zu Mittag mit gut einem Drittel meines Studienjahrganges zur deutschen Bundeshauptstadt. Das hei\u00dft, eigentlich reisen wir alle irgendwie getrennt an und treffen uns erst dort, aber die Hauptsache ist, dass wir eine sch\u00f6ne Zeit mit hoffentlich viel Inspiration und tollen Vortr\u00e4gen haben werden. Jetzt muss nur noch der Koffer gepackt werden. Vielleicht werde ich w\u00e4hrend der Typo ein bisschen Zeit finden ein paar Eindr\u00fccke zu bloggen. Unter diese neuen Domain macht es mir ja jetzt wieder Spa\u00df etwas Neues zu schreiben. Sonst folgt alles im Nachhinein.<\/p>\n<p style=\"text-align: center\"><img decoding=\"async\" src=\"https:\/\/www.zeichenschatz.net\/uploads\/typoberin_pass.jpg\" alt=\"Bereit! Karte und Pass f\u00fcr die Typo Berlin 2007\" \/><\/p>","protected":false},"excerpt":{"rendered":"<p>Endlich ist es soweit! Die Typo Berlin beginnt \u00fcbermorgen und morgen fliege ich zu Mittag mit gut einem Drittel meines Studienjahrganges zur deutschen Bundeshauptstadt. Das hei\u00dft, eigentlich reisen wir alle irgendwie getrennt an und treffen uns erst dort, aber die Hauptsache ist, dass wir eine sch\u00f6ne Zeit mit hoffentlich viel Inspiration und tollen Vortr\u00e4gen haben [&hellip;]<\/p>","protected":false},"author":3,"featured_media":0,"comment_status":"open","ping_status":"closed","sticky":false,"template":"","format":"standard","meta":{"footnotes":""},"categories":[8,12],"tags":[],"class_list":["post-197","post","type-post","status-publish","format-standard","hentry","category-persoenliches","category-typografie"],"_links":{"self":[{"href":"https:\/\/zeichenschatz.net\/en\/wp-json\/wp\/v2\/posts\/197","targetHints":{"allow":["GET"]}}],"collection":[{"href":"https:\/\/zeichenschatz.net\/en\/wp-json\/wp\/v2\/posts"}],"about":[{"href":"https:\/\/zeichenschatz.net\/en\/wp-json\/wp\/v2\/types\/post"}],"author":[{"embeddable":true,"href":"https:\/\/zeichenschatz.net\/en\/wp-json\/wp\/v2\/users\/3"}],"replies":[{"embeddable":true,"href":"https:\/\/zeichenschatz.net\/en\/wp-json\/wp\/v2\/comments?post=197"}],"version-history":[{"count":0,"href":"https:\/\/zeichenschatz.net\/en\/wp-json\/wp\/v2\/posts\/197\/revisions"}],"wp:attachment":[{"href":"https:\/\/zeichenschatz.net\/en\/wp-json\/wp\/v2\/media?parent=197"}],"wp:term":[{"taxonomy":"category","embeddable":true,"href":"https:\/\/zeichenschatz.net\/en\/wp-json\/wp\/v2\/categories?post=197"},{"taxonomy":"post_tag","embeddable":true,"href":"https:\/\/zeichenschatz.net\/en\/wp-json\/wp\/v2\/tags?post=197"}],"curies":[{"name":"wp","href":"https:\/\/api.w.org\/{rel}","templated":true}]}}